{"id":1201,"date":"2018-12-02T06:01:18","date_gmt":"2018-12-02T06:01:18","guid":{"rendered":"https:\/\/archiking.de\/shop\/?p=1201"},"modified":"2018-12-02T06:44:39","modified_gmt":"2018-12-02T06:44:39","slug":"jugend-ohne-club","status":"publish","type":"post","link":"https:\/\/archiking.de\/shop\/jugend-ohne-club\/","title":{"rendered":"Jugend ohne Club ?"},"content":{"rendered":"<div class=\"lp_teaser-content\">\n<p>Die Entscheidung der Stadt, den Jugendclub Spektrum Ende des Jahres zu schlie\u00dfen halte ich wirklich f\u00fcr bedenklich. Auch wenn das Pohlitzer Neubaugebiet in den n\u00e4chsten Jahren schrittweise zur\u00fcckgebaut werden soll um das Greizer Zentrum weiter zu verdichten leben derzeit immerhin noch ca. 3300 Menschen dort. Die Auengegend im Tal, gemeint ist die eigentliche Kernstadt von Greiz hat wohl um di\u2026<\/p>\n<\/div>\n <div class=\"page_counter_label\"><span class=\"page_counter_text\" style=\"color:#000000;background:#FFFFFF;\">Total Page Visits: 3695 - Today Page Visits: 2<\/span><\/div>","protected":false},"excerpt":{"rendered":"<p>Die Entscheidung der Stadt, den Jugendclub Spektrum Ende des Jahres zu schlie\u00dfen halte ich wirklich f\u00fcr bedenklich. Auch wenn das Pohlitzer Neubaugebiet in den n\u00e4chsten Jahren schrittweise zur\u00fcckgebaut werden soll um das Greizer Zentrum weiter zu verdichten leben derzeit immerhin noch ca. 3300 Menschen dort. Die Auengegend im Tal, gemeint ist die eigentliche Kernstadt von [&hellip;]<\/p>\n","protected":false},"author":1,"featured_media":0,"comment_status":"open","ping_status":"closed","sticky":false,"template":"","format":"standard","meta":{"footnotes":""},"categories":[29],"tags":[],"class_list":["post-1201","post","type-post","status-publish","format-standard","hentry","category-greiz"],"_links":{"self":[{"href":"https:\/\/archiking.de\/shop\/wp-json\/wp\/v2\/posts\/1201","targetHints":{"allow":["GET"]}}],"collection":[{"href":"https:\/\/archiking.de\/shop\/wp-json\/wp\/v2\/posts"}],"about":[{"href":"https:\/\/archiking.de\/shop\/wp-json\/wp\/v2\/types\/post"}],"author":[{"embeddable":true,"href":"https:\/\/archiking.de\/shop\/wp-json\/wp\/v2\/users\/1"}],"replies":[{"embeddable":true,"href":"https:\/\/archiking.de\/shop\/wp-json\/wp\/v2\/comments?post=1201"}],"version-history":[{"count":1,"href":"https:\/\/archiking.de\/shop\/wp-json\/wp\/v2\/posts\/1201\/revisions"}],"predecessor-version":[{"id":1202,"href":"https:\/\/archiking.de\/shop\/wp-json\/wp\/v2\/posts\/1201\/revisions\/1202"}],"wp:attachment":[{"href":"https:\/\/archiking.de\/shop\/wp-json\/wp\/v2\/media?parent=1201"}],"wp:term":[{"taxonomy":"category","embeddable":true,"href":"https:\/\/archiking.de\/shop\/wp-json\/wp\/v2\/categories?post=1201"},{"taxonomy":"post_tag","embeddable":true,"href":"https:\/\/archiking.de\/shop\/wp-json\/wp\/v2\/tags?post=1201"}],"curies":[{"name":"wp","href":"https:\/\/api.w.org\/{rel}","templated":true}]}}