{"id":620,"date":"2017-11-09T06:17:11","date_gmt":"2017-11-09T06:17:11","guid":{"rendered":"https:\/\/archiking.de\/?p=620"},"modified":"2017-11-09T06:17:11","modified_gmt":"2017-11-09T06:17:11","slug":"was-sonst-noch-passierte","status":"publish","type":"post","link":"https:\/\/archiking.de\/shop\/was-sonst-noch-passierte\/","title":{"rendered":"Was sonst noch passierte"},"content":{"rendered":"<div class=\"lp_teaser-content\">\n<p>Es fiel mir wirklich schwer einen gewissen Def\u00e4tismus in der Greizer Bev\u00f6lkerung bei der \u00f6ffentlichen Veranstaltung von Herrn MdL Christian Tischner und dem Th\u00fcringer Landtagspr\u00e4sidenten Christian Carius ansprechen zu m\u00fcssen. Wer die Debatten und Kommentare genau verfolgt hat weiss aber genau, aus welcher Ecke dieser gesch\u00fcrt und geschmiedet wird. M\u00f6ge der Verfasser dieser Nachrichten auch in vielen Dingen recht haben\u2026<\/p>\n<\/div>\n <div class=\"page_counter_label\"><span class=\"page_counter_text\" style=\"color:#000000;background:#FFFFFF;\">Total Page Visits: 3704 - Today Page Visits: 3<\/span><\/div>","protected":false},"excerpt":{"rendered":"<p>Es fiel mir wirklich schwer einen gewissen Def\u00e4tismus in der Greizer Bev\u00f6lkerung bei der \u00f6ffentlichen Veranstaltung von Herrn MdL Christian Tischner und dem Th\u00fcringer Landtagspr\u00e4sidenten Christian Carius ansprechen zu m\u00fcssen. Wer die Debatten und Kommentare genau verfolgt hat weiss aber genau, aus welcher Ecke dieser gesch\u00fcrt und geschmiedet wird. M\u00f6ge der Verfasser dieser Nachrichten auch [&hellip;]<\/p>\n","protected":false},"author":1,"featured_media":572,"comment_status":"open","ping_status":"closed","sticky":false,"template":"","format":"standard","meta":{"footnotes":""},"categories":[29],"tags":[],"class_list":["post-620","post","type-post","status-publish","format-standard","has-post-thumbnail","hentry","category-greiz"],"_links":{"self":[{"href":"https:\/\/archiking.de\/shop\/wp-json\/wp\/v2\/posts\/620","targetHints":{"allow":["GET"]}}],"collection":[{"href":"https:\/\/archiking.de\/shop\/wp-json\/wp\/v2\/posts"}],"about":[{"href":"https:\/\/archiking.de\/shop\/wp-json\/wp\/v2\/types\/post"}],"author":[{"embeddable":true,"href":"https:\/\/archiking.de\/shop\/wp-json\/wp\/v2\/users\/1"}],"replies":[{"embeddable":true,"href":"https:\/\/archiking.de\/shop\/wp-json\/wp\/v2\/comments?post=620"}],"version-history":[{"count":1,"href":"https:\/\/archiking.de\/shop\/wp-json\/wp\/v2\/posts\/620\/revisions"}],"predecessor-version":[{"id":621,"href":"https:\/\/archiking.de\/shop\/wp-json\/wp\/v2\/posts\/620\/revisions\/621"}],"wp:featuredmedia":[{"embeddable":true,"href":"https:\/\/archiking.de\/shop\/wp-json\/wp\/v2\/media\/572"}],"wp:attachment":[{"href":"https:\/\/archiking.de\/shop\/wp-json\/wp\/v2\/media?parent=620"}],"wp:term":[{"taxonomy":"category","embeddable":true,"href":"https:\/\/archiking.de\/shop\/wp-json\/wp\/v2\/categories?post=620"},{"taxonomy":"post_tag","embeddable":true,"href":"https:\/\/archiking.de\/shop\/wp-json\/wp\/v2\/tags?post=620"}],"curies":[{"name":"wp","href":"https:\/\/api.w.org\/{rel}","templated":true}]}}