{"id":624,"date":"2017-11-27T04:02:55","date_gmt":"2017-11-27T04:02:55","guid":{"rendered":"https:\/\/archiking.de\/?p=624"},"modified":"2017-11-27T04:02:55","modified_gmt":"2017-11-27T04:02:55","slug":"gebt-uns-die-kugel","status":"publish","type":"post","link":"https:\/\/archiking.de\/shop\/gebt-uns-die-kugel\/","title":{"rendered":"Gebt uns die Kugel"},"content":{"rendered":"<div class=\"lp_teaser-content\">\n<p>24 M hoch soll sie werden, Teil eines Gross-Klein Themenparks in Greiz, die begehbare Erdkugel. Ramin Assisi macht keine halben Sachen. Touristen sollen in Scharen kommen. Das das ganze ein von den B\u00fcrgern getragenes Projekt werden soll sehen manche recht skeptisch, ich ob der Gr\u00f6\u00dfe des Vorhabens inzwischen auch. Aber die Idee ist schon gigantisch und genial. Vielleicht kommt j\u2026<\/p>\n<\/div>\n <div class=\"page_counter_label\"><span class=\"page_counter_text\" style=\"color:#000000;background:#FFFFFF;\">Total Page Visits: 3704 - Today Page Visits: 3<\/span><\/div>","protected":false},"excerpt":{"rendered":"<p>24 M hoch soll sie werden, Teil eines Gross-Klein Themenparks in Greiz, die begehbare Erdkugel. Ramin Assisi macht keine halben Sachen. Touristen sollen in Scharen kommen. Das das ganze ein von den B\u00fcrgern getragenes Projekt werden soll sehen manche recht skeptisch, ich ob der Gr\u00f6\u00dfe des Vorhabens inzwischen auch. Aber die Idee ist schon gigantisch [&hellip;]<\/p>\n","protected":false},"author":1,"featured_media":625,"comment_status":"open","ping_status":"closed","sticky":false,"template":"","format":"standard","meta":{"footnotes":""},"categories":[29],"tags":[],"class_list":["post-624","post","type-post","status-publish","format-standard","has-post-thumbnail","hentry","category-greiz"],"_links":{"self":[{"href":"https:\/\/archiking.de\/shop\/wp-json\/wp\/v2\/posts\/624","targetHints":{"allow":["GET"]}}],"collection":[{"href":"https:\/\/archiking.de\/shop\/wp-json\/wp\/v2\/posts"}],"about":[{"href":"https:\/\/archiking.de\/shop\/wp-json\/wp\/v2\/types\/post"}],"author":[{"embeddable":true,"href":"https:\/\/archiking.de\/shop\/wp-json\/wp\/v2\/users\/1"}],"replies":[{"embeddable":true,"href":"https:\/\/archiking.de\/shop\/wp-json\/wp\/v2\/comments?post=624"}],"version-history":[{"count":1,"href":"https:\/\/archiking.de\/shop\/wp-json\/wp\/v2\/posts\/624\/revisions"}],"predecessor-version":[{"id":626,"href":"https:\/\/archiking.de\/shop\/wp-json\/wp\/v2\/posts\/624\/revisions\/626"}],"wp:featuredmedia":[{"embeddable":true,"href":"https:\/\/archiking.de\/shop\/wp-json\/wp\/v2\/media\/625"}],"wp:attachment":[{"href":"https:\/\/archiking.de\/shop\/wp-json\/wp\/v2\/media?parent=624"}],"wp:term":[{"taxonomy":"category","embeddable":true,"href":"https:\/\/archiking.de\/shop\/wp-json\/wp\/v2\/categories?post=624"},{"taxonomy":"post_tag","embeddable":true,"href":"https:\/\/archiking.de\/shop\/wp-json\/wp\/v2\/tags?post=624"}],"curies":[{"name":"wp","href":"https:\/\/api.w.org\/{rel}","templated":true}]}}