{"id":852,"date":"2018-04-16T00:52:31","date_gmt":"2018-04-16T00:52:31","guid":{"rendered":"https:\/\/archiking.de\/?p=852"},"modified":"2018-04-16T01:06:04","modified_gmt":"2018-04-16T01:06:04","slug":"tag-1-nach-gruener","status":"publish","type":"post","link":"https:\/\/archiking.de\/shop\/tag-1-nach-gruener\/","title":{"rendered":"Tag 1 nach Gr\u00fcner"},"content":{"rendered":"<div class=\"lp_teaser-content\">\n<p>Jetzt ist es amtlich. In Greiz gibt es nach 20 Jahren SPD gef\u00fchrter Stadtregierung einen Wechsel im B\u00fcrgermeisteramt. Der parteilose, CDU nahe Kandidat Alexander Schulze hat das Rennen gemacht. Schauen wir uns seine Vors\u00e4tze etwas n\u00e4her an, damit wir wissen, worauf wir uns freuen k\u00f6nnen. Wirtschaft ist erst einmal Chefsache, es soll einen st\u00e4dtischen Wirtschaftsbeirat geben. Es soll neue Gewerbeansiedlunge\u2026<\/p>\n<\/div>\n <div class=\"page_counter_label\"><span class=\"page_counter_text\" style=\"color:#000000;background:#FFFFFF;\">Total Page Visits: 3701 - Today Page Visits: 4<\/span><\/div>","protected":false},"excerpt":{"rendered":"<p>Jetzt ist es amtlich. In Greiz gibt es nach 20 Jahren SPD gef\u00fchrter Stadtregierung einen Wechsel im B\u00fcrgermeisteramt. Der parteilose, CDU nahe Kandidat Alexander Schulze hat das Rennen gemacht. Schauen wir uns seine Vors\u00e4tze etwas n\u00e4her an, damit wir wissen, worauf wir uns freuen k\u00f6nnen. Wirtschaft ist erst einmal Chefsache, es soll einen st\u00e4dtischen Wirtschaftsbeirat [&hellip;]<\/p>\n","protected":false},"author":1,"featured_media":503,"comment_status":"open","ping_status":"closed","sticky":false,"template":"","format":"standard","meta":{"footnotes":""},"categories":[29],"tags":[],"class_list":["post-852","post","type-post","status-publish","format-standard","has-post-thumbnail","hentry","category-greiz"],"_links":{"self":[{"href":"https:\/\/archiking.de\/shop\/wp-json\/wp\/v2\/posts\/852","targetHints":{"allow":["GET"]}}],"collection":[{"href":"https:\/\/archiking.de\/shop\/wp-json\/wp\/v2\/posts"}],"about":[{"href":"https:\/\/archiking.de\/shop\/wp-json\/wp\/v2\/types\/post"}],"author":[{"embeddable":true,"href":"https:\/\/archiking.de\/shop\/wp-json\/wp\/v2\/users\/1"}],"replies":[{"embeddable":true,"href":"https:\/\/archiking.de\/shop\/wp-json\/wp\/v2\/comments?post=852"}],"version-history":[{"count":4,"href":"https:\/\/archiking.de\/shop\/wp-json\/wp\/v2\/posts\/852\/revisions"}],"predecessor-version":[{"id":856,"href":"https:\/\/archiking.de\/shop\/wp-json\/wp\/v2\/posts\/852\/revisions\/856"}],"wp:featuredmedia":[{"embeddable":true,"href":"https:\/\/archiking.de\/shop\/wp-json\/wp\/v2\/media\/503"}],"wp:attachment":[{"href":"https:\/\/archiking.de\/shop\/wp-json\/wp\/v2\/media?parent=852"}],"wp:term":[{"taxonomy":"category","embeddable":true,"href":"https:\/\/archiking.de\/shop\/wp-json\/wp\/v2\/categories?post=852"},{"taxonomy":"post_tag","embeddable":true,"href":"https:\/\/archiking.de\/shop\/wp-json\/wp\/v2\/tags?post=852"}],"curies":[{"name":"wp","href":"https:\/\/api.w.org\/{rel}","templated":true}]}}