{"id":913,"date":"2018-07-02T01:50:04","date_gmt":"2018-07-02T01:50:04","guid":{"rendered":"https:\/\/archiking.de\/?p=913"},"modified":"2018-09-16T07:17:23","modified_gmt":"2018-09-16T07:17:23","slug":"deutschland-und-der-islam","status":"publish","type":"post","link":"https:\/\/archiking.de\/shop\/deutschland-und-der-islam\/","title":{"rendered":"Deutschland und der Islam"},"content":{"rendered":"<div class=\"lp_teaser-content\">\n<p>Geh\u00f6rt er nun dazu ? Herr Seehofer meint nein, Frau Merkel sagt ja. Naja, dass die beiden oft nicht einer Meinung wissen wir, sp\u00e4testens nach dem gestrigen Sonntag. Wird er nun wie angedeutet zur\u00fccktreten oder nicht ? Lassen wir die fast regierungslose Nacht passieren und uns vom Montag \u00fcberraschen. Aber zur\u00fcck zum Islam. Laut Seehofer geh\u00f6rt der Islam nicht z\u2026<\/p>\n<\/div>\n <div class=\"page_counter_label\"><span class=\"page_counter_text\" style=\"color:#000000;background:#FFFFFF;\">Total Page Visits: 3683 - Today Page Visits: 2<\/span><\/div>","protected":false},"excerpt":{"rendered":"<p>Geh\u00f6rt er nun dazu ? Herr Seehofer meint nein, Frau Merkel sagt ja. Naja, dass die beiden oft nicht einer Meinung wissen wir, sp\u00e4testens nach dem gestrigen Sonntag. Wird er nun wie angedeutet zur\u00fccktreten oder nicht ? Lassen wir die fast regierungslose Nacht passieren und uns vom Montag \u00fcberraschen. Aber zur\u00fcck zum Islam. Laut Seehofer [&hellip;]<\/p>\n","protected":false},"author":1,"featured_media":914,"comment_status":"open","ping_status":"closed","sticky":false,"template":"","format":"standard","meta":{"footnotes":""},"categories":[120,4],"tags":[],"class_list":["post-913","post","type-post","status-publish","format-standard","has-post-thumbnail","hentry","category-politik","category-reisen"],"_links":{"self":[{"href":"https:\/\/archiking.de\/shop\/wp-json\/wp\/v2\/posts\/913","targetHints":{"allow":["GET"]}}],"collection":[{"href":"https:\/\/archiking.de\/shop\/wp-json\/wp\/v2\/posts"}],"about":[{"href":"https:\/\/archiking.de\/shop\/wp-json\/wp\/v2\/types\/post"}],"author":[{"embeddable":true,"href":"https:\/\/archiking.de\/shop\/wp-json\/wp\/v2\/users\/1"}],"replies":[{"embeddable":true,"href":"https:\/\/archiking.de\/shop\/wp-json\/wp\/v2\/comments?post=913"}],"version-history":[{"count":1,"href":"https:\/\/archiking.de\/shop\/wp-json\/wp\/v2\/posts\/913\/revisions"}],"predecessor-version":[{"id":915,"href":"https:\/\/archiking.de\/shop\/wp-json\/wp\/v2\/posts\/913\/revisions\/915"}],"wp:featuredmedia":[{"embeddable":true,"href":"https:\/\/archiking.de\/shop\/wp-json\/wp\/v2\/media\/914"}],"wp:attachment":[{"href":"https:\/\/archiking.de\/shop\/wp-json\/wp\/v2\/media?parent=913"}],"wp:term":[{"taxonomy":"category","embeddable":true,"href":"https:\/\/archiking.de\/shop\/wp-json\/wp\/v2\/categories?post=913"},{"taxonomy":"post_tag","embeddable":true,"href":"https:\/\/archiking.de\/shop\/wp-json\/wp\/v2\/tags?post=913"}],"curies":[{"name":"wp","href":"https:\/\/api.w.org\/{rel}","templated":true}]}}